{"id":1052,"date":"2025-09-23T09:00:00","date_gmt":"2025-09-23T06:00:00","guid":{"rendered":"urn:post:1052"},"modified":"2025-09-23T09:00:00","modified_gmt":"2025-09-23T06:00:00","slug":"evde-video-light-ayar-52-en","status":"publish","type":"post","link":"https:\/\/www.gecem.com\/en\/design-experience\/evde-video-light-ayar-52-en\/","title":{"rendered":"photo\/video for ev ayd\u0131nlatmas\u0131"},"content":{"rendered":"<p>As a quick introduction around evde video light ayar\u0131: we cover \u201cphoto\/video for ev ayd\u0131nlatmas\u0131\u201d with real-world, actionable steps. The language is plain and practical, and we include field-ready checklists. With a focus on ev vlog\u2019da flicker and CRI, we highlight the measurements and settings that truly matter.<\/p>\n<p>In the context of photo\/video for ev ayd\u0131nlatmas\u0131, similar-looking terms and changing site conditions make decisions harder. Choosing the right references, knowing the calibration steps, and using a short checklist reduce errors significantly. Writing a measurement strategy on day one boosts quality and consistency.<\/p>\n<p>Typical on-site issues include poor sensor\/optics choices, suboptimal placement, low-quality drivers, and skipped maintenance cycles. Defining acceptance criteria early and centralizing key data in one table avoids future mismatches.<\/p>\n<p>Let\u2019s clarify the goals for evde video light ayar\u0131: describe the requirement precisely, select the proper hardware\/settings, and validate on site with measurements. When the measurement\u2013documentation loop is systematic, maintenance decisions get faster and performance stays stable.<\/p>\n<p>For the niche scenario \u201cev vlog\u2019da flicker and CRI\u201d, balance environmental factors (temperature, humidity, vibration), user behavior, and aesthetics. Whether it\u2019s a small setup or a large facility, a scalable plan and a spare-parts strategy support long-term reliability.<\/p>\n<p>A lean rollout works well: quick survey, pilot area, then scale-up. Label and visualize your measurements; it improves team communication and creates an audit-ready evidence set. Keeping a responsibility matrix and a simple tracking sheet also helps surface risks early.<\/p>\n<p>In conclusion, when you stay aligned with evde video light ayar\u0131, the right equipment, regular maintenance, and clear documentation raise both comfort and efficiency. Use the closing checklist and examples to adapt the ideas directly to your projects.<\/p>\n<p>Additionally, cross-team sharing makes non-standard situations visible earlier and easier to fix.<\/p>\n","protected":false},"excerpt":{"rendered":"<p>Practical guide to photo\/video for ev ayd\u0131nlatmas\u0131: ev vlog\u2019da flicker and CRI. Checklist focused on evde video light ayar\u0131.<\/p>\n","protected":false},"author":1,"featured_media":0,"comment_status":"closed","ping_status":"closed","sticky":false,"template":"","format":"standard","meta":{"footnotes":""},"categories":[3404],"tags":[3118,3235,3408,3499,2004,3498,3233],"class_list":["post-1052","post","type-post","status-publish","format-standard","hentry","category-design-experience","tag-aydnlatmas","tag-ev","tag-evde-video-light-ayar","tag-for","tag-lighting","tag-photo","tag-video"],"yoast_head":"<!-- This site is optimized with the Yoast SEO plugin v28.4 - https:\/\/yoast.com\/product\/yoast-seo-wordpress\/ -->\n<title>photo\/video for ev ayd\u0131nlatmas\u0131 - Gecem Led Ayd\u0131nlatma<\/title>\n<meta name=\"description\" content=\"Practical guide to photo\/video for ev ayd\u0131nlatmas\u0131: ev vlog\u2019da flicker and CRI. Checklist focused on evde video light ayar\u0131.\" \/>\n<meta name=\"robots\" content=\"index, follow, max-snippet:-1, max-image-preview:large, max-video-preview:-1\" \/>\n<link rel=\"canonical\" href=\"https:\/\/www.gecem.com\/en\/design-experience\/evde-video-light-ayar-52-en\/\" \/>\n<meta property=\"og:locale\" content=\"en_US\" \/>\n<meta property=\"og:type\" content=\"article\" \/>\n<meta property=\"og:title\" content=\"photo\/video for ev ayd\u0131nlatmas\u0131 - Gecem Led Ayd\u0131nlatma\" \/>\n<meta property=\"og:description\" content=\"Practical guide to photo\/video for ev ayd\u0131nlatmas\u0131: ev vlog\u2019da flicker and CRI. Checklist focused on evde video light ayar\u0131.\" \/>\n<meta property=\"og:url\" content=\"https:\/\/www.gecem.com\/en\/design-experience\/evde-video-light-ayar-52-en\/\" \/>\n<meta property=\"og:site_name\" content=\"Gecem Led Ayd\u0131nlatma\" \/>\n<meta property=\"article:publisher\" content=\"https:\/\/www.facebook.com\/gecemlighting\" \/>\n<meta property=\"article:published_time\" content=\"2025-09-23T06:00:00+00:00\" \/>\n<meta name=\"author\" content=\"gecemadmin\" \/>\n<meta name=\"twitter:card\" content=\"summary_large_image\" \/>\n<meta name=\"twitter:creator\" content=\"@gecemlighting\" \/>\n<meta name=\"twitter:site\" content=\"@gecemlighting\" \/>\n<meta name=\"twitter:label1\" content=\"Written by\" \/>\n\t<meta name=\"twitter:data1\" content=\"gecemadmin\" \/>\n\t<meta name=\"twitter:label2\" content=\"Est. reading time\" \/>\n\t<meta name=\"twitter:data2\" content=\"1 minute\" \/>\n<script type=\"application\/ld+json\" class=\"yoast-schema-graph\">{\"@context\":\"https:\\\/\\\/schema.org\",\"@graph\":[{\"@type\":\"Article\",\"@id\":\"https:\\\/\\\/www.gecem.com\\\/en\\\/design-experience\\\/evde-video-light-ayar-52-en\\\/#article\",\"isPartOf\":{\"@id\":\"https:\\\/\\\/www.gecem.com\\\/en\\\/design-experience\\\/evde-video-light-ayar-52-en\\\/\"},\"author\":{\"name\":\"gecemadmin\",\"@id\":\"https:\\\/\\\/www.gecem.com\\\/#\\\/schema\\\/person\\\/4503ad210f46f1757a701d058061c893\"},\"headline\":\"photo\\\/video for ev ayd\u0131nlatmas\u0131\",\"datePublished\":\"2025-09-23T06:00:00+00:00\",\"mainEntityOfPage\":{\"@id\":\"https:\\\/\\\/www.gecem.com\\\/en\\\/design-experience\\\/evde-video-light-ayar-52-en\\\/\"},\"wordCount\":303,\"publisher\":{\"@id\":\"https:\\\/\\\/www.gecem.com\\\/#organization\"},\"keywords\":[\"ayd\u0131nlatmas\u0131\",\"ev\",\"evde video light ayar\u0131\",\"for\",\"lighting\",\"photo\",\"video\"],\"articleSection\":[\"Design &amp; Experience\"],\"inLanguage\":\"en-US\"},{\"@type\":\"WebPage\",\"@id\":\"https:\\\/\\\/www.gecem.com\\\/en\\\/design-experience\\\/evde-video-light-ayar-52-en\\\/\",\"url\":\"https:\\\/\\\/www.gecem.com\\\/en\\\/design-experience\\\/evde-video-light-ayar-52-en\\\/\",\"name\":\"photo\\\/video for ev ayd\u0131nlatmas\u0131 - Gecem Led Ayd\u0131nlatma\",\"isPartOf\":{\"@id\":\"https:\\\/\\\/www.gecem.com\\\/#website\"},\"datePublished\":\"2025-09-23T06:00:00+00:00\",\"description\":\"Practical guide to photo\\\/video for ev ayd\u0131nlatmas\u0131: ev vlog\u2019da flicker and CRI. Checklist focused on evde video light ayar\u0131.\",\"breadcrumb\":{\"@id\":\"https:\\\/\\\/www.gecem.com\\\/en\\\/design-experience\\\/evde-video-light-ayar-52-en\\\/#breadcrumb\"},\"inLanguage\":\"en-US\",\"potentialAction\":[{\"@type\":\"ReadAction\",\"target\":[\"https:\\\/\\\/www.gecem.com\\\/en\\\/design-experience\\\/evde-video-light-ayar-52-en\\\/\"]}]},{\"@type\":\"BreadcrumbList\",\"@id\":\"https:\\\/\\\/www.gecem.com\\\/en\\\/design-experience\\\/evde-video-light-ayar-52-en\\\/#breadcrumb\",\"itemListElement\":[{\"@type\":\"ListItem\",\"position\":1,\"name\":\"Anasayfa\",\"item\":\"https:\\\/\\\/www.gecem.com\\\/en\\\/\"},{\"@type\":\"ListItem\",\"position\":2,\"name\":\"photo\\\/video for ev ayd\u0131nlatmas\u0131\"}]},{\"@type\":\"WebSite\",\"@id\":\"https:\\\/\\\/www.gecem.com\\\/#website\",\"url\":\"https:\\\/\\\/www.gecem.com\\\/\",\"name\":\"Gecem Led Ayd\u0131nlatma\",\"description\":\"I\u015f\u0131\u011f\u0131n Yolu\",\"publisher\":{\"@id\":\"https:\\\/\\\/www.gecem.com\\\/#organization\"},\"potentialAction\":[{\"@type\":\"SearchAction\",\"target\":{\"@type\":\"EntryPoint\",\"urlTemplate\":\"https:\\\/\\\/www.gecem.com\\\/?s={search_term_string}\"},\"query-input\":{\"@type\":\"PropertyValueSpecification\",\"valueRequired\":true,\"valueName\":\"search_term_string\"}}],\"inLanguage\":\"en-US\"},{\"@type\":\"Organization\",\"@id\":\"https:\\\/\\\/www.gecem.com\\\/#organization\",\"name\":\"Gecem Ayd\u0131nlatma San Tic A.\u015e\",\"url\":\"https:\\\/\\\/www.gecem.com\\\/\",\"logo\":{\"@type\":\"ImageObject\",\"inLanguage\":\"en-US\",\"@id\":\"https:\\\/\\\/www.gecem.com\\\/#\\\/schema\\\/logo\\\/image\\\/\",\"url\":\"https:\\\/\\\/www.gecem.com\\\/wp-content\\\/uploads\\\/2022\\\/07\\\/Gecem-Sade-Logo-1.png\",\"contentUrl\":\"https:\\\/\\\/www.gecem.com\\\/wp-content\\\/uploads\\\/2022\\\/07\\\/Gecem-Sade-Logo-1.png\",\"width\":2852,\"height\":470,\"caption\":\"Gecem Ayd\u0131nlatma San Tic A.\u015e\"},\"image\":{\"@id\":\"https:\\\/\\\/www.gecem.com\\\/#\\\/schema\\\/logo\\\/image\\\/\"},\"sameAs\":[\"https:\\\/\\\/www.facebook.com\\\/gecemlighting\",\"https:\\\/\\\/x.com\\\/gecemlighting\",\"https:\\\/\\\/www.instagram.com\\\/gecemaydinlatma\"]},{\"@type\":\"Person\",\"@id\":\"https:\\\/\\\/www.gecem.com\\\/#\\\/schema\\\/person\\\/4503ad210f46f1757a701d058061c893\",\"name\":\"gecemadmin\",\"sameAs\":[\"https:\\\/\\\/www.gecem.com\"],\"url\":\"https:\\\/\\\/www.gecem.com\\\/en\\\/author\\\/gecemadmin\\\/\"}]}<\/script>\n<!-- \/ Yoast SEO plugin. -->","yoast_head_json":{"title":"photo\/video for ev ayd\u0131nlatmas\u0131 - Gecem Led Ayd\u0131nlatma","description":"Practical guide to photo\/video for ev ayd\u0131nlatmas\u0131: ev vlog\u2019da flicker and CRI. Checklist focused on evde video light ayar\u0131.","robots":{"index":"index","follow":"follow","max-snippet":"max-snippet:-1","max-image-preview":"max-image-preview:large","max-video-preview":"max-video-preview:-1"},"canonical":"https:\/\/www.gecem.com\/en\/design-experience\/evde-video-light-ayar-52-en\/","og_locale":"en_US","og_type":"article","og_title":"photo\/video for ev ayd\u0131nlatmas\u0131 - Gecem Led Ayd\u0131nlatma","og_description":"Practical guide to photo\/video for ev ayd\u0131nlatmas\u0131: ev vlog\u2019da flicker and CRI. Checklist focused on evde video light ayar\u0131.","og_url":"https:\/\/www.gecem.com\/en\/design-experience\/evde-video-light-ayar-52-en\/","og_site_name":"Gecem Led Ayd\u0131nlatma","article_publisher":"https:\/\/www.facebook.com\/gecemlighting","article_published_time":"2025-09-23T06:00:00+00:00","author":"gecemadmin","twitter_card":"summary_large_image","twitter_creator":"@gecemlighting","twitter_site":"@gecemlighting","twitter_misc":{"Written by":"gecemadmin","Est. reading time":"1 minute"},"schema":{"@context":"https:\/\/schema.org","@graph":[{"@type":"Article","@id":"https:\/\/www.gecem.com\/en\/design-experience\/evde-video-light-ayar-52-en\/#article","isPartOf":{"@id":"https:\/\/www.gecem.com\/en\/design-experience\/evde-video-light-ayar-52-en\/"},"author":{"name":"gecemadmin","@id":"https:\/\/www.gecem.com\/#\/schema\/person\/4503ad210f46f1757a701d058061c893"},"headline":"photo\/video for ev ayd\u0131nlatmas\u0131","datePublished":"2025-09-23T06:00:00+00:00","mainEntityOfPage":{"@id":"https:\/\/www.gecem.com\/en\/design-experience\/evde-video-light-ayar-52-en\/"},"wordCount":303,"publisher":{"@id":"https:\/\/www.gecem.com\/#organization"},"keywords":["ayd\u0131nlatmas\u0131","ev","evde video light ayar\u0131","for","lighting","photo","video"],"articleSection":["Design &amp; Experience"],"inLanguage":"en-US"},{"@type":"WebPage","@id":"https:\/\/www.gecem.com\/en\/design-experience\/evde-video-light-ayar-52-en\/","url":"https:\/\/www.gecem.com\/en\/design-experience\/evde-video-light-ayar-52-en\/","name":"photo\/video for ev ayd\u0131nlatmas\u0131 - Gecem Led Ayd\u0131nlatma","isPartOf":{"@id":"https:\/\/www.gecem.com\/#website"},"datePublished":"2025-09-23T06:00:00+00:00","description":"Practical guide to photo\/video for ev ayd\u0131nlatmas\u0131: ev vlog\u2019da flicker and CRI. Checklist focused on evde video light ayar\u0131.","breadcrumb":{"@id":"https:\/\/www.gecem.com\/en\/design-experience\/evde-video-light-ayar-52-en\/#breadcrumb"},"inLanguage":"en-US","potentialAction":[{"@type":"ReadAction","target":["https:\/\/www.gecem.com\/en\/design-experience\/evde-video-light-ayar-52-en\/"]}]},{"@type":"BreadcrumbList","@id":"https:\/\/www.gecem.com\/en\/design-experience\/evde-video-light-ayar-52-en\/#breadcrumb","itemListElement":[{"@type":"ListItem","position":1,"name":"Anasayfa","item":"https:\/\/www.gecem.com\/en\/"},{"@type":"ListItem","position":2,"name":"photo\/video for ev ayd\u0131nlatmas\u0131"}]},{"@type":"WebSite","@id":"https:\/\/www.gecem.com\/#website","url":"https:\/\/www.gecem.com\/","name":"Gecem Led Ayd\u0131nlatma","description":"I\u015f\u0131\u011f\u0131n Yolu","publisher":{"@id":"https:\/\/www.gecem.com\/#organization"},"potentialAction":[{"@type":"SearchAction","target":{"@type":"EntryPoint","urlTemplate":"https:\/\/www.gecem.com\/?s={search_term_string}"},"query-input":{"@type":"PropertyValueSpecification","valueRequired":true,"valueName":"search_term_string"}}],"inLanguage":"en-US"},{"@type":"Organization","@id":"https:\/\/www.gecem.com\/#organization","name":"Gecem Ayd\u0131nlatma San Tic A.\u015e","url":"https:\/\/www.gecem.com\/","logo":{"@type":"ImageObject","inLanguage":"en-US","@id":"https:\/\/www.gecem.com\/#\/schema\/logo\/image\/","url":"https:\/\/www.gecem.com\/wp-content\/uploads\/2022\/07\/Gecem-Sade-Logo-1.png","contentUrl":"https:\/\/www.gecem.com\/wp-content\/uploads\/2022\/07\/Gecem-Sade-Logo-1.png","width":2852,"height":470,"caption":"Gecem Ayd\u0131nlatma San Tic A.\u015e"},"image":{"@id":"https:\/\/www.gecem.com\/#\/schema\/logo\/image\/"},"sameAs":["https:\/\/www.facebook.com\/gecemlighting","https:\/\/x.com\/gecemlighting","https:\/\/www.instagram.com\/gecemaydinlatma"]},{"@type":"Person","@id":"https:\/\/www.gecem.com\/#\/schema\/person\/4503ad210f46f1757a701d058061c893","name":"gecemadmin","sameAs":["https:\/\/www.gecem.com"],"url":"https:\/\/www.gecem.com\/en\/author\/gecemadmin\/"}]}},"_links":{"self":[{"href":"https:\/\/www.gecem.com\/en\/wp-json\/wp\/v2\/posts\/1052","targetHints":{"allow":["GET"]}}],"collection":[{"href":"https:\/\/www.gecem.com\/en\/wp-json\/wp\/v2\/posts"}],"about":[{"href":"https:\/\/www.gecem.com\/en\/wp-json\/wp\/v2\/types\/post"}],"author":[{"embeddable":true,"href":"https:\/\/www.gecem.com\/en\/wp-json\/wp\/v2\/users\/1"}],"replies":[{"embeddable":true,"href":"https:\/\/www.gecem.com\/en\/wp-json\/wp\/v2\/comments?post=1052"}],"version-history":[{"count":1,"href":"https:\/\/www.gecem.com\/en\/wp-json\/wp\/v2\/posts\/1052\/revisions"}],"predecessor-version":[{"id":24256,"href":"https:\/\/www.gecem.com\/en\/wp-json\/wp\/v2\/posts\/1052\/revisions\/24256"}],"wp:attachment":[{"href":"https:\/\/www.gecem.com\/en\/wp-json\/wp\/v2\/media?parent=1052"}],"wp:term":[{"taxonomy":"category","embeddable":true,"href":"https:\/\/www.gecem.com\/en\/wp-json\/wp\/v2\/categories?post=1052"},{"taxonomy":"post_tag","embeddable":true,"href":"https:\/\/www.gecem.com\/en\/wp-json\/wp\/v2\/tags?post=1052"}],"curies":[{"name":"wp","href":"https:\/\/api.w.org\/{rel}","templated":true}]}}